{"id":502,"date":"2025-03-19T12:36:34","date_gmt":"2025-03-19T11:36:34","guid":{"rendered":"https:\/\/epilation-laser-nantes.com\/?p=502"},"modified":"2025-08-13T08:58:24","modified_gmt":"2025-08-13T06:58:24","slug":"epilation-laser-tarifs-prix-vertou","status":"publish","type":"post","link":"https:\/\/epilation-laser-nantes.com\/epilation-laser-tarifs-prix-vertou\/","title":{"rendered":"\u00c9pilation laser \u00e0 Vertou : Tarifs et prix chez Institut Mary Cohr"},"content":{"rendered":"\n<p>L&rsquo;<strong>Institut Mary Cohr<\/strong>, bas\u00e9 \u00e0 <strong>Nantes<\/strong>, est votre r\u00e9f\u00e9rence en mati\u00e8re d&rsquo;<strong><a href=\"https:\/\/epilation-laser-nantes.com\/epilation-laser-a-nantes\/\">\u00e9pilation laser<\/a><\/strong> dans la r\u00e9gion. Offrant des services sur-mesure \u00e0 <strong>Vertou<\/strong> et ses environs, l&rsquo;institut met \u00e0 disposition des solutions efficaces et durables pour une peau impeccable. Que vous soyez \u00e0 <strong>Vertou<\/strong> ou dans les alentours, <strong><a href=\"https:\/\/epilation-laser-nantes.com\/tarifs-epilation-laser-a-nantes\/\">consultez nos tarifs d&rsquo;\u00e9pilation laser<\/a><\/strong> adapt\u00e9s \u00e0 vos besoins.<\/p>\n\n\n\n<h2 class=\"wp-block-heading\">L&rsquo;\u00e9pilation laser, une solution durable au prix abordable&nbsp;<\/h2>\n\n\n\n<p>L&rsquo;<strong>\u00e9pilation laser<\/strong> est une m\u00e9thode r\u00e9volutionnaire qui permet de dire adieu aux poils ind\u00e9sirables de mani\u00e8re d\u00e9finitive. L&rsquo;<strong>Institut Mary Cohr<\/strong> excelle dans cette prestation gr\u00e2ce \u00e0 des technologies de pointe et un accompagnement personnalis\u00e9.&nbsp;<\/p>\n\n\n\n<ul class=\"wp-block-list\">\n<li><strong>Services propos\u00e9s<\/strong> : \u00c9pilation des jambes, du visage, des aisselles, du maillot, etc.&nbsp;<\/li>\n\n\n\n<li><strong>Tarifs comp\u00e9titifs <\/strong>: Un devis clair et d\u00e9taill\u00e9 \u00e9tabli selon vos besoins sp\u00e9cifiques.&nbsp;<\/li>\n\n\n\n<li><strong>Processus encadr\u00e9<\/strong> : Une prise en charge par des experts form\u00e9s pour garantir votre confort et votre s\u00e9curit\u00e9.&nbsp;<\/li>\n<\/ul>\n\n\n\n<p>Avec l&rsquo;<strong>\u00e9pilation laser<\/strong>, offrez-vous la libert\u00e9 d&rsquo;une peau lisse et lumineuse sans les tracas des m\u00e9thodes traditionnelles.<\/p>\n\n\n\n<h2 class=\"wp-block-heading\">Pourquoi choisir l&rsquo;Institut Mary Cohr ?&nbsp;<\/h2>\n\n\n\n<p>Optez pour l&rsquo;<strong>Institut Mary Cohr<\/strong> et b\u00e9n\u00e9ficiez de nombreux avantages :&nbsp;<\/p>\n\n\n\n<ul class=\"wp-block-list\">\n<li><strong>Professionnels qualifi\u00e9s<\/strong> : Notre \u00e9quipe est compos\u00e9e d&rsquo;experts en <strong>\u00e9pilation laser<\/strong> disposant des certifications n\u00e9cessaires.&nbsp;<\/li>\n\n\n\n<li><strong>Technologie avanc\u00e9e<\/strong> : Utilisation d&rsquo;appareils de derni\u00e8re g\u00e9n\u00e9ration, pour une efficacit\u00e9 optimale et des s\u00e9ances presque indolores.&nbsp;<\/li>\n\n\n\n<li><strong>Satisfaction garantie<\/strong> : Nous nous engageons \u00e0 r\u00e9pondre \u00e0 vos attentes tout en respectant les normes de qualit\u00e9 les plus exigeantes.&nbsp;<\/li>\n\n\n\n<li><strong>Emplacement strat\u00e9gique<\/strong> : Proximit\u00e9 de <strong>Vertou<\/strong> et desserte facile depuis les villes voisines.<\/li>\n<\/ul>\n\n\n\n<p>Faire confiance \u00e0 l&rsquo;<strong>Institut Mary Cohr<\/strong>, c&rsquo;est choisir l&rsquo;expertise et la s\u00e9r\u00e9nit\u00e9 pour votre bien-\u00eatre.<\/p>\n\n\n\n<h2 class=\"wp-block-heading\">Zones d&rsquo;intervention : Un service de proximit\u00e9 \u00e0 Vertou et au-del\u00e0&nbsp;<\/h2>\n\n\n\n<p>Nous sommes pr\u00e9sents dans plusieurs localit\u00e9s pour mieux vous servir :&nbsp;<\/p>\n\n\n\n<ul class=\"wp-block-list\">\n<li><strong><a href=\"https:\/\/epilation-laser-nantes.com\/epilation-laser-tarifs-prix-nantes-proche-la-beaujoire\/\" title=\"Nantes (proche centre-ville et Beaujoire)\u00a0\">Nantes (proche centre-ville et Beaujoire)\u00a0<\/a><\/strong><\/li>\n\n\n\n<li><strong><a href=\"https:\/\/epilation-laser-nantes.com\/epilation-laser-tarifs-prix-vertou\/\" title=\"Vertou\u00a0\">Vertou\u00a0<\/a><\/strong><\/li>\n\n\n\n<li><strong><a href=\"https:\/\/epilation-laser-nantes.com\/epilation-laser-tarifs-prix-saint-herblain\/\" title=\"Saint-Herblain\u00a0\">Saint-Herblain\u00a0<\/a><\/strong><\/li>\n\n\n\n<li><strong><a href=\"https:\/\/epilation-laser-nantes.com\/epilation-laser-tarifs-prix-reze\/\">Rez\u00e9<\/a><\/strong>&nbsp;<\/li>\n<\/ul>\n\n\n\n<p>Que vous soyez \u00e0 <strong>Vertou<\/strong> ou dans ces zones, l&rsquo;<strong>Institut Mary Cohr<\/strong> est votre partenaire beaut\u00e9, facilement accessible pour r\u00e9pondre \u00e0 vos besoins.<\/p>\n\n\n\n<h2 class=\"wp-block-heading\">Prenez rendez-vous d\u00e8s aujourd&rsquo;hui pour une \u00e9pilation laser au meilleur prix \u00e0 Vertou !&nbsp;<\/h2>\n\n\n\n<p>Envie d&rsquo;une solution durable pour une peau impeccable ? <a href=\"https:\/\/epilation-laser-nantes.com\/contactez-linstitut-mary-cohr-a-nantes\/\">Contactez d\u00e8s maintenant l&rsquo;<strong>Institut Mary Cohr<\/strong><\/a> pour un diagnostic personnalis\u00e9 et un devis adapt\u00e9. Notre \u00e9quipe vous accompagne avec expertise et bienveillance pour faire de votre satisfaction une priorit\u00e9. Passez \u00e0 l&rsquo;action et offrez-vous une exp\u00e9rience beaut\u00e9 unique !<\/p>\n\n\n\n<p><\/p>\n","protected":false},"excerpt":{"rendered":"<p>L&rsquo;Institut Mary Cohr, bas\u00e9 \u00e0 Nantes, est votre r\u00e9f\u00e9rence en mati\u00e8re d&rsquo;\u00e9pilation laser dans la r\u00e9gion. Offrant des services sur-mesure \u00e0 Vertou et ses environs, l&rsquo;institut met \u00e0 disposition des solutions efficaces et durables pour une peau impeccable. Que vous soyez \u00e0 Vertou ou dans les alentours, consultez nos tarifs d&rsquo;\u00e9pilation laser adapt\u00e9s \u00e0 vos [&hellip;]<\/p>\n","protected":false},"author":1,"featured_media":0,"comment_status":"closed","ping_status":"closed","sticky":false,"template":"","format":"standard","meta":{"om_disable_all_campaigns":false,"_monsterinsights_skip_tracking":false,"_monsterinsights_sitenote_active":false,"_monsterinsights_sitenote_note":"","_monsterinsights_sitenote_category":0,"footnotes":""},"categories":[16],"tags":[],"class_list":["post-502","post","type-post","status-publish","format-standard","hentry","category-epilation-laser"],"aioseo_notices":[],"aioseo_head":"\n\t\t<!-- All in One SEO Pro 4.9.6.2 - aioseo.com -->\n\t<meta name=\"description\" content=\"Institut Mary Cohr \u00e0 Vertou : sp\u00e9cialiste en \u00e9pilation laser au meilleur prix, tarifs comp\u00e9titifs, expertise certifi\u00e9e, services \u00e0 Vertou. Contactez-nous !\" \/>\n\t<meta name=\"robots\" content=\"max-image-preview:large\" \/>\n\t<meta name=\"author\" content=\"vyseo-ep\"\/>\n\t<link rel=\"canonical\" href=\"https:\/\/epilation-laser-nantes.com\/epilation-laser-tarifs-prix-vertou\/\" \/>\n\t<meta name=\"generator\" content=\"All in One SEO Pro (AIOSEO) 4.9.6.2\" \/>\n\t\t<meta property=\"og:locale\" content=\"fr_FR\" \/>\n\t\t<meta property=\"og:site_name\" content=\"INSTITUT MARY COHR -\" \/>\n\t\t<meta property=\"og:type\" content=\"article\" \/>\n\t\t<meta property=\"og:title\" content=\"\u00c9pilation laser tarifs et prix \u00e0 Vertou - INSTITUT MARY COHR\" \/>\n\t\t<meta property=\"og:description\" content=\"Institut Mary Cohr \u00e0 Vertou : sp\u00e9cialiste en \u00e9pilation laser au meilleur prix, tarifs comp\u00e9titifs, expertise certifi\u00e9e, services \u00e0 Vertou. Contactez-nous !\" \/>\n\t\t<meta property=\"og:url\" content=\"https:\/\/epilation-laser-nantes.com\/epilation-laser-tarifs-prix-vertou\/\" \/>\n\t\t<meta property=\"og:image\" content=\"https:\/\/epilation-laser-nantes.com\/media\/2025\/02\/logo-dark.svg\" \/>\n\t\t<meta property=\"og:image:secure_url\" content=\"https:\/\/epilation-laser-nantes.com\/media\/2025\/02\/logo-dark.svg\" \/>\n\t\t<meta property=\"og:image:width\" content=\"520\" \/>\n\t\t<meta property=\"og:image:height\" content=\"150\" \/>\n\t\t<meta property=\"article:published_time\" content=\"2025-03-19T11:36:34+00:00\" \/>\n\t\t<meta property=\"article:modified_time\" content=\"2025-08-13T06:58:24+00:00\" \/>\n\t\t<meta property=\"article:publisher\" content=\"https:\/\/www.facebook.com\/marycohr.nantestonneliers\" \/>\n\t\t<meta name=\"twitter:card\" content=\"summary_large_image\" \/>\n\t\t<meta name=\"twitter:title\" content=\"\u00c9pilation laser tarifs et prix \u00e0 Vertou - INSTITUT MARY COHR\" \/>\n\t\t<meta name=\"twitter:description\" content=\"Institut Mary Cohr \u00e0 Vertou : sp\u00e9cialiste en \u00e9pilation laser au meilleur prix, tarifs comp\u00e9titifs, expertise certifi\u00e9e, services \u00e0 Vertou. Contactez-nous !\" \/>\n\t\t<meta name=\"twitter:image\" content=\"https:\/\/epilation-laser-nantes.com\/media\/2025\/02\/logo-dark.svg\" \/>\n\t\t<script type=\"application\/ld+json\" class=\"aioseo-schema\">\n\t\t\t{\"@context\":\"https:\\\/\\\/schema.org\",\"@graph\":[{\"@type\":\"BlogPosting\",\"@id\":\"https:\\\/\\\/epilation-laser-nantes.com\\\/epilation-laser-tarifs-prix-vertou\\\/#blogposting\",\"name\":\"\\u00c9pilation laser tarifs et prix \\u00e0 Vertou - INSTITUT MARY COHR\",\"headline\":\"\\u00c9pilation laser \\u00e0 Vertou : Tarifs et prix chez Institut Mary Cohr\",\"author\":{\"@id\":\"https:\\\/\\\/epilation-laser-nantes.com\\\/author\\\/vyseo-ep\\\/#author\"},\"publisher\":{\"@id\":\"https:\\\/\\\/epilation-laser-nantes.com\\\/#organization\"},\"image\":{\"@type\":\"ImageObject\",\"url\":\"https:\\\/\\\/epilation-laser-nantes.com\\\/wp-content\\\/uploads\\\/2025\\\/02\\\/logo-dark.svg\",\"@id\":\"https:\\\/\\\/epilation-laser-nantes.com\\\/#articleImage\",\"width\":520,\"height\":150},\"datePublished\":\"2025-03-19T12:36:34+01:00\",\"dateModified\":\"2025-08-13T08:58:24+02:00\",\"inLanguage\":\"fr-FR\",\"mainEntityOfPage\":{\"@id\":\"https:\\\/\\\/epilation-laser-nantes.com\\\/epilation-laser-tarifs-prix-vertou\\\/#webpage\"},\"isPartOf\":{\"@id\":\"https:\\\/\\\/epilation-laser-nantes.com\\\/epilation-laser-tarifs-prix-vertou\\\/#webpage\"},\"articleSection\":\"\\u00c9pilation laser\"},{\"@type\":\"BreadcrumbList\",\"@id\":\"https:\\\/\\\/epilation-laser-nantes.com\\\/epilation-laser-tarifs-prix-vertou\\\/#breadcrumblist\",\"itemListElement\":[{\"@type\":\"ListItem\",\"@id\":\"https:\\\/\\\/epilation-laser-nantes.com#listItem\",\"position\":1,\"name\":\"Home\",\"item\":\"https:\\\/\\\/epilation-laser-nantes.com\",\"nextItem\":{\"@type\":\"ListItem\",\"@id\":\"https:\\\/\\\/epilation-laser-nantes.com\\\/epilation-laser-tarifs-prix-vertou\\\/#listItem\",\"name\":\"\\u00c9pilation laser \\u00e0 Vertou : Tarifs et prix chez Institut Mary Cohr\"}},{\"@type\":\"ListItem\",\"@id\":\"https:\\\/\\\/epilation-laser-nantes.com\\\/epilation-laser-tarifs-prix-vertou\\\/#listItem\",\"position\":2,\"name\":\"\\u00c9pilation laser \\u00e0 Vertou : Tarifs et prix chez Institut Mary Cohr\",\"previousItem\":{\"@type\":\"ListItem\",\"@id\":\"https:\\\/\\\/epilation-laser-nantes.com#listItem\",\"name\":\"Home\"}}]},{\"@type\":\"Organization\",\"@id\":\"https:\\\/\\\/epilation-laser-nantes.com\\\/#organization\",\"name\":\"INSTITUT MARY COHR\",\"url\":\"https:\\\/\\\/epilation-laser-nantes.com\\\/\",\"logo\":{\"@type\":\"ImageObject\",\"url\":\"https:\\\/\\\/epilation-laser-nantes.com\\\/wp-content\\\/uploads\\\/2025\\\/02\\\/logo-dark.svg\",\"@id\":\"https:\\\/\\\/epilation-laser-nantes.com\\\/epilation-laser-tarifs-prix-vertou\\\/#organizationLogo\",\"width\":520,\"height\":150},\"image\":{\"@id\":\"https:\\\/\\\/epilation-laser-nantes.com\\\/epilation-laser-tarifs-prix-vertou\\\/#organizationLogo\"},\"sameAs\":[\"https:\\\/\\\/www.facebook.com\\\/marycohr.nantestonneliers\",\"https:\\\/\\\/www.instagram.com\\\/marycohrnantes?igsh=Z2J1dTFwa2dwcGNx&utm_source=qr\",\"https:\\\/\\\/www.pinterest.fr\\\/marycohrfrance\\\/_created\\\/\",\"https:\\\/\\\/www.youtube.com\\\/user\\\/webmarycohr\\\/videos\"]},{\"@type\":\"Person\",\"@id\":\"https:\\\/\\\/epilation-laser-nantes.com\\\/author\\\/vyseo-ep\\\/#author\",\"url\":\"https:\\\/\\\/epilation-laser-nantes.com\\\/author\\\/vyseo-ep\\\/\",\"name\":\"vyseo-ep\",\"image\":{\"@type\":\"ImageObject\",\"url\":\"https:\\\/\\\/epilation-laser-nantes.com\\\/wp-content\\\/litespeed\\\/avatar\\\/586689f81a668c6b3a8db1bae87873ba.jpg?ver=1776880129\"}},{\"@type\":\"WebPage\",\"@id\":\"https:\\\/\\\/epilation-laser-nantes.com\\\/epilation-laser-tarifs-prix-vertou\\\/#webpage\",\"url\":\"https:\\\/\\\/epilation-laser-nantes.com\\\/epilation-laser-tarifs-prix-vertou\\\/\",\"name\":\"\\u00c9pilation laser tarifs et prix \\u00e0 Vertou - INSTITUT MARY COHR\",\"description\":\"Institut Mary Cohr \\u00e0 Vertou : sp\\u00e9cialiste en \\u00e9pilation laser au meilleur prix, tarifs comp\\u00e9titifs, expertise certifi\\u00e9e, services \\u00e0 Vertou. Contactez-nous !\",\"inLanguage\":\"fr-FR\",\"isPartOf\":{\"@id\":\"https:\\\/\\\/epilation-laser-nantes.com\\\/#website\"},\"breadcrumb\":{\"@id\":\"https:\\\/\\\/epilation-laser-nantes.com\\\/epilation-laser-tarifs-prix-vertou\\\/#breadcrumblist\"},\"author\":{\"@id\":\"https:\\\/\\\/epilation-laser-nantes.com\\\/author\\\/vyseo-ep\\\/#author\"},\"creator\":{\"@id\":\"https:\\\/\\\/epilation-laser-nantes.com\\\/author\\\/vyseo-ep\\\/#author\"},\"datePublished\":\"2025-03-19T12:36:34+01:00\",\"dateModified\":\"2025-08-13T08:58:24+02:00\"},{\"@type\":\"WebSite\",\"@id\":\"https:\\\/\\\/epilation-laser-nantes.com\\\/#website\",\"url\":\"https:\\\/\\\/epilation-laser-nantes.com\\\/\",\"name\":\"INSTITUT MARY COHR\",\"inLanguage\":\"fr-FR\",\"publisher\":{\"@id\":\"https:\\\/\\\/epilation-laser-nantes.com\\\/#organization\"}}]}\n\t\t<\/script>\n\t\t<!-- All in One SEO Pro -->\r\n\t\t<title>\u00c9pilation laser tarifs et prix \u00e0 Vertou - INSTITUT MARY COHR<\/title>\n\n","aioseo_head_json":{"title":"\u00c9pilation laser tarifs et prix \u00e0 Vertou - INSTITUT MARY COHR","description":"Institut Mary Cohr \u00e0 Vertou : sp\u00e9cialiste en \u00e9pilation laser au meilleur prix, tarifs comp\u00e9titifs, expertise certifi\u00e9e, services \u00e0 Vertou. Contactez-nous !","canonical_url":"https:\/\/epilation-laser-nantes.com\/epilation-laser-tarifs-prix-vertou\/","robots":"max-image-preview:large","keywords":"","webmasterTools":{"miscellaneous":""},"schema":{"@context":"https:\/\/schema.org","@graph":[{"@type":"BlogPosting","@id":"https:\/\/epilation-laser-nantes.com\/epilation-laser-tarifs-prix-vertou\/#blogposting","name":"\u00c9pilation laser tarifs et prix \u00e0 Vertou - INSTITUT MARY COHR","headline":"\u00c9pilation laser \u00e0 Vertou : Tarifs et prix chez Institut Mary Cohr","author":{"@id":"https:\/\/epilation-laser-nantes.com\/profile\/vyseo-ep\/#author"},"publisher":{"@id":"https:\/\/epilation-laser-nantes.com\/#organization"},"image":{"@type":"ImageObject","url":"https:\/\/epilation-laser-nantes.com\/media\/2025\/02\/logo-dark.svg","@id":"https:\/\/epilation-laser-nantes.com\/#articleImage","width":520,"height":150},"datePublished":"2025-03-19T12:36:34+01:00","dateModified":"2025-08-13T08:58:24+02:00","inLanguage":"fr-FR","mainEntityOfPage":{"@id":"https:\/\/epilation-laser-nantes.com\/epilation-laser-tarifs-prix-vertou\/#webpage"},"isPartOf":{"@id":"https:\/\/epilation-laser-nantes.com\/epilation-laser-tarifs-prix-vertou\/#webpage"},"articleSection":"\u00c9pilation laser"},{"@type":"BreadcrumbList","@id":"https:\/\/epilation-laser-nantes.com\/epilation-laser-tarifs-prix-vertou\/#breadcrumblist","itemListElement":[{"@type":"ListItem","@id":"https:\/\/epilation-laser-nantes.com#listItem","position":1,"name":"Home","item":"https:\/\/epilation-laser-nantes.com","nextItem":{"@type":"ListItem","@id":"https:\/\/epilation-laser-nantes.com\/epilation-laser-tarifs-prix-vertou\/#listItem","name":"\u00c9pilation laser \u00e0 Vertou : Tarifs et prix chez Institut Mary Cohr"}},{"@type":"ListItem","@id":"https:\/\/epilation-laser-nantes.com\/epilation-laser-tarifs-prix-vertou\/#listItem","position":2,"name":"\u00c9pilation laser \u00e0 Vertou : Tarifs et prix chez Institut Mary Cohr","previousItem":{"@type":"ListItem","@id":"https:\/\/epilation-laser-nantes.com#listItem","name":"Home"}}]},{"@type":"Organization","@id":"https:\/\/epilation-laser-nantes.com\/#organization","name":"INSTITUT MARY COHR","url":"https:\/\/epilation-laser-nantes.com\/","logo":{"@type":"ImageObject","url":"https:\/\/epilation-laser-nantes.com\/media\/2025\/02\/logo-dark.svg","@id":"https:\/\/epilation-laser-nantes.com\/epilation-laser-tarifs-prix-vertou\/#organizationLogo","width":520,"height":150},"image":{"@id":"https:\/\/epilation-laser-nantes.com\/epilation-laser-tarifs-prix-vertou\/#organizationLogo"},"sameAs":["https:\/\/www.facebook.com\/marycohr.nantestonneliers","https:\/\/www.instagram.com\/marycohrnantes?igsh=Z2J1dTFwa2dwcGNx&utm_source=qr","https:\/\/www.pinterest.fr\/marycohrfrance\/_created\/","https:\/\/www.youtube.com\/user\/webmarycohr\/videos"]},{"@type":"Person","@id":"https:\/\/epilation-laser-nantes.com\/profile\/vyseo-ep\/#author","url":"https:\/\/epilation-laser-nantes.com\/profile\/vyseo-ep\/","name":"vyseo-ep","image":{"@type":"ImageObject","url":"https:\/\/epilation-laser-nantes.com\/data\/litespeed\/avatar\/586689f81a668c6b3a8db1bae87873ba.jpg?ver=1776880129"}},{"@type":"WebPage","@id":"https:\/\/epilation-laser-nantes.com\/epilation-laser-tarifs-prix-vertou\/#webpage","url":"https:\/\/epilation-laser-nantes.com\/epilation-laser-tarifs-prix-vertou\/","name":"\u00c9pilation laser tarifs et prix \u00e0 Vertou - INSTITUT MARY COHR","description":"Institut Mary Cohr \u00e0 Vertou : sp\u00e9cialiste en \u00e9pilation laser au meilleur prix, tarifs comp\u00e9titifs, expertise certifi\u00e9e, services \u00e0 Vertou. Contactez-nous !","inLanguage":"fr-FR","isPartOf":{"@id":"https:\/\/epilation-laser-nantes.com\/#website"},"breadcrumb":{"@id":"https:\/\/epilation-laser-nantes.com\/epilation-laser-tarifs-prix-vertou\/#breadcrumblist"},"author":{"@id":"https:\/\/epilation-laser-nantes.com\/profile\/vyseo-ep\/#author"},"creator":{"@id":"https:\/\/epilation-laser-nantes.com\/profile\/vyseo-ep\/#author"},"datePublished":"2025-03-19T12:36:34+01:00","dateModified":"2025-08-13T08:58:24+02:00"},{"@type":"WebSite","@id":"https:\/\/epilation-laser-nantes.com\/#website","url":"https:\/\/epilation-laser-nantes.com\/","name":"INSTITUT MARY COHR","inLanguage":"fr-FR","publisher":{"@id":"https:\/\/epilation-laser-nantes.com\/#organization"}}]},"og:locale":"fr_FR","og:site_name":"INSTITUT MARY COHR -","og:type":"article","og:title":"\u00c9pilation laser tarifs et prix \u00e0 Vertou - INSTITUT MARY COHR","og:description":"Institut Mary Cohr \u00e0 Vertou : sp\u00e9cialiste en \u00e9pilation laser au meilleur prix, tarifs comp\u00e9titifs, expertise certifi\u00e9e, services \u00e0 Vertou. Contactez-nous !","og:url":"https:\/\/epilation-laser-nantes.com\/epilation-laser-tarifs-prix-vertou\/","og:image":"https:\/\/epilation-laser-nantes.com\/media\/2025\/02\/logo-dark.svg","og:image:secure_url":"https:\/\/epilation-laser-nantes.com\/media\/2025\/02\/logo-dark.svg","og:image:width":520,"og:image:height":150,"article:published_time":"2025-03-19T11:36:34+00:00","article:modified_time":"2025-08-13T06:58:24+00:00","article:publisher":"https:\/\/www.facebook.com\/marycohr.nantestonneliers","twitter:card":"summary_large_image","twitter:title":"\u00c9pilation laser tarifs et prix \u00e0 Vertou - INSTITUT MARY COHR","twitter:description":"Institut Mary Cohr \u00e0 Vertou : sp\u00e9cialiste en \u00e9pilation laser au meilleur prix, tarifs comp\u00e9titifs, expertise certifi\u00e9e, services \u00e0 Vertou. Contactez-nous !","twitter:image":"https:\/\/epilation-laser-nantes.com\/media\/2025\/02\/logo-dark.svg"},"aioseo_meta_data":{"post_id":"502","title":"\u00c9pilation laser tarifs et prix \u00e0 Vertou #separator_sa #site_title","description":"Institut Mary Cohr \u00e0 Vertou : sp\u00e9cialiste en \u00e9pilation laser au meilleur prix, tarifs comp\u00e9titifs, expertise certifi\u00e9e, services \u00e0 Vertou. Contactez-nous !","keywords":null,"keyphrases":{"focus":{"keyphrase":"\u00c9pilation laser","score":100,"analysis":{"keyphraseInTitle":{"score":9,"maxScore":9,"error":0},"keyphraseInDescription":{"score":9,"maxScore":9,"error":0},"keyphraseLength":{"score":9,"maxScore":9,"error":0,"length":2},"keyphraseInURL":{"score":5,"maxScore":5,"error":0},"keyphraseInIntroduction":{"score":9,"maxScore":9,"error":0},"keyphraseInSubHeadings":{"score":9,"maxScore":9,"error":0},"keyphraseInImageAlt":[],"keywordDensity":{"type":"best","score":9,"maxScore":9,"error":0}}},"additional":[{"keyphrase":"Vertou","score":100,"analysis":{"keyphraseInDescription":{"score":9,"maxScore":9,"error":0},"keyphraseLength":{"score":9,"maxScore":9,"error":0,"length":1},"keyphraseInIntroduction":{"score":9,"maxScore":9,"error":0},"keyphraseInImageAlt":[],"keywordDensity":{"type":"best","score":9,"maxScore":9,"error":0}}}]},"primary_term":null,"canonical_url":null,"og_title":null,"og_description":null,"og_object_type":"default","og_image_type":"default","og_image_url":null,"og_image_width":null,"og_image_height":null,"og_image_custom_url":null,"og_image_custom_fields":null,"og_video":"","og_custom_url":null,"og_article_section":null,"og_article_tags":null,"twitter_use_og":false,"twitter_card":"default","twitter_image_type":"default","twitter_image_url":null,"twitter_image_custom_url":null,"twitter_image_custom_fields":null,"twitter_title":null,"twitter_description":null,"schema":{"blockGraphs":[],"customGraphs":[],"default":{"data":{"Article":[],"Course":[],"Dataset":[],"FAQPage":[],"Movie":[],"Person":[],"Product":[],"ProductReview":[],"Car":[],"Recipe":[],"Service":[],"SoftwareApplication":[],"WebPage":[]},"graphName":"BlogPosting","isEnabled":true},"graphs":[]},"schema_type":"default","schema_type_options":null,"pillar_content":false,"robots_default":true,"robots_noindex":false,"robots_noarchive":false,"robots_nosnippet":false,"robots_nofollow":false,"robots_noimageindex":false,"robots_noodp":false,"robots_notranslate":false,"robots_max_snippet":"-1","robots_max_videopreview":"-1","robots_max_imagepreview":"large","priority":null,"frequency":"default","local_seo":null,"seo_analyzer_scan_date":"2025-08-16 19:14:49","breadcrumb_settings":null,"limit_modified_date":false,"reviewed_by":"0","open_ai":"{\"title\":{\"suggestions\":[],\"usage\":0},\"description\":{\"suggestions\":[],\"usage\":0}}","ai":{"faqs":[],"keyPoints":[],"titles":[],"descriptions":[],"socialPosts":{"email":[],"linkedin":[],"twitter":[],"facebook":[],"instagram":[]}},"created":"2025-03-19 11:33:54","updated":"2025-10-21 18:56:00"},"aioseo_breadcrumb":"<div class=\"aioseo-breadcrumbs\"><span class=\"aioseo-breadcrumb\">\n\t<a href=\"https:\/\/epilation-laser-nantes.com\" title=\"Home\">Home<\/a>\n<\/span><span class=\"aioseo-breadcrumb-separator\">\u00bb<\/span><span class=\"aioseo-breadcrumb\">\n\t<a href=\"https:\/\/epilation-laser-nantes.com\/epilation-laser-tarifs-prix-vertou\/\" title=\"\u00c9pilation laser \u00e0 Vertou : Tarifs et prix chez Institut Mary Cohr\">\u00c9pilation laser \u00e0 Vertou : Tarifs et prix chez Institut Mary Cohr<\/a>\n<\/span><\/div>","aioseo_breadcrumb_json":[{"label":"Home","link":"https:\/\/epilation-laser-nantes.com"},{"label":"\u00c9pilation laser \u00e0 Vertou : Tarifs et prix chez Institut Mary Cohr","link":"https:\/\/epilation-laser-nantes.com\/epilation-laser-tarifs-prix-vertou\/"}],"_links":{"self":[{"href":"https:\/\/epilation-laser-nantes.com\/api-json\/wp\/v2\/posts\/502","targetHints":{"allow":["GET"]}}],"collection":[{"href":"https:\/\/epilation-laser-nantes.com\/api-json\/wp\/v2\/posts"}],"about":[{"href":"https:\/\/epilation-laser-nantes.com\/api-json\/wp\/v2\/types\/post"}],"author":[{"embeddable":true,"href":"https:\/\/epilation-laser-nantes.com\/api-json\/wp\/v2\/users\/1"}],"replies":[{"embeddable":true,"href":"https:\/\/epilation-laser-nantes.com\/api-json\/wp\/v2\/comments?post=502"}],"version-history":[{"count":2,"href":"https:\/\/epilation-laser-nantes.com\/api-json\/wp\/v2\/posts\/502\/revisions"}],"predecessor-version":[{"id":622,"href":"https:\/\/epilation-laser-nantes.com\/api-json\/wp\/v2\/posts\/502\/revisions\/622"}],"wp:attachment":[{"href":"https:\/\/epilation-laser-nantes.com\/api-json\/wp\/v2\/media?parent=502"}],"wp:term":[{"taxonomy":"category","embeddable":true,"href":"https:\/\/epilation-laser-nantes.com\/api-json\/wp\/v2\/categories?post=502"},{"taxonomy":"post_tag","embeddable":true,"href":"https:\/\/epilation-laser-nantes.com\/api-json\/wp\/v2\/tags?post=502"}],"curies":[{"name":"wp","href":"https:\/\/api.w.org\/{rel}","templated":true}]}}